{"id":342,"count":1,"description":"","link":"https:\/\/cafedecolombia.us\/en\/tag\/tinto\/","name":"tinto","slug":"tinto","taxonomy":"post_tag","meta":[],"yoast_head":"<!-- This site is optimized with the Yoast SEO plugin v27.1.1 - https:\/\/yoast.com\/product\/yoast-seo-wordpress\/ -->\n<title>tinto Tienda de caf\u00e9 | Cafe en grano Tostado | F\u00e1brica de caf\u00e9 buenavida<\/title>\n<meta name=\"description\" content=\"Caf\u00e9 en grano Cali | Caf\u00e9 en grano Tostado\" \/>\n<meta name=\"robots\" content=\"index, follow, max-snippet:-1, max-image-preview:large, max-video-preview:-1\" \/>\n<link rel=\"canonical\" href=\"https:\/\/cafedecolombia.us\/tag\/tinto\/\" \/>\n<meta property=\"og:locale\" content=\"en_US\" \/>\n<meta property=\"og:type\" content=\"article\" \/>\n<meta property=\"og:title\" content=\"tinto Tienda de caf\u00e9 | Cafe en grano Tostado | F\u00e1brica de caf\u00e9 buenavida\" \/>\n<meta property=\"og:description\" content=\"Caf\u00e9 en grano Cali | Caf\u00e9 en grano Tostado\" \/>\n<meta property=\"og:url\" content=\"https:\/\/cafedecolombia.us\/tag\/tinto\/\" \/>\n<meta property=\"og:site_name\" content=\"Cafe en grano Tostado | F\u00e1brica de caf\u00e9 buenavida\" \/>\n<meta property=\"og:image\" content=\"https:\/\/cafedecolombia.us\/wp-content\/uploads\/2024\/03\/Group10-1.png\" \/>\n\t<meta property=\"og:image:width\" content=\"376\" \/>\n\t<meta property=\"og:image:height\" content=\"436\" \/>\n\t<meta property=\"og:image:type\" content=\"image\/png\" \/>\n<meta name=\"twitter:card\" content=\"summary_large_image\" \/>\n<script type=\"application\/ld+json\" class=\"yoast-schema-graph\">{\"@context\":\"https:\/\/schema.org\",\"@graph\":[{\"@type\":\"CollectionPage\",\"@id\":\"https:\/\/cafedecolombia.us\/tag\/tinto\/\",\"url\":\"https:\/\/cafedecolombia.us\/tag\/tinto\/\",\"name\":\"tinto Tienda de caf\u00e9 | Cafe en grano Tostado | F\u00e1brica de caf\u00e9 buenavida\",\"isPartOf\":{\"@id\":\"https:\/\/cafedecolombia.us\/#website\"},\"description\":\"Caf\u00e9 en grano Cali | Caf\u00e9 en grano Tostado\",\"breadcrumb\":{\"@id\":\"https:\/\/cafedecolombia.us\/tag\/tinto\/#breadcrumb\"},\"inLanguage\":\"en-US\"},{\"@type\":\"BreadcrumbList\",\"@id\":\"https:\/\/cafedecolombia.us\/tag\/tinto\/#breadcrumb\",\"itemListElement\":[{\"@type\":\"ListItem\",\"position\":1,\"name\":\"Home\",\"item\":\"https:\/\/cafedecolombia.us\/en\/\"},{\"@type\":\"ListItem\",\"position\":2,\"name\":\"tinto\"}]},{\"@type\":\"WebSite\",\"@id\":\"https:\/\/cafedecolombia.us\/#website\",\"url\":\"https:\/\/cafedecolombia.us\/\",\"name\":\"Cafe en grano Tostado | F\u00e1brica de caf\u00e9 buenavida\",\"description\":\"Productores y Comercializadores de Caf\u00e9 en grano Cali | Cafe en grano tostado\",\"publisher\":{\"@id\":\"https:\/\/cafedecolombia.us\/#organization\"},\"alternateName\":\"El taller del Caf\u00e9 | Cafe en grano\",\"potentialAction\":[{\"@type\":\"SearchAction\",\"target\":{\"@type\":\"EntryPoint\",\"urlTemplate\":\"https:\/\/cafedecolombia.us\/?s={search_term_string}\"},\"query-input\":{\"@type\":\"PropertyValueSpecification\",\"valueRequired\":true,\"valueName\":\"search_term_string\"}}],\"inLanguage\":\"en-US\"},{\"@type\":\"Organization\",\"@id\":\"https:\/\/cafedecolombia.us\/#organization\",\"name\":\"El taller del caf\u00e9 | Cafe en grano\",\"url\":\"https:\/\/cafedecolombia.us\/\",\"logo\":{\"@type\":\"ImageObject\",\"inLanguage\":\"en-US\",\"@id\":\"https:\/\/cafedecolombia.us\/#\/schema\/logo\/image\/\",\"url\":\"https:\/\/cafedecolombia.us\/wp-content\/uploads\/2020\/03\/Frame-420.png\",\"contentUrl\":\"https:\/\/cafedecolombia.us\/wp-content\/uploads\/2020\/03\/Frame-420.png\",\"width\":84,\"height\":105,\"caption\":\"El taller del caf\u00e9 | Cafe en grano\"},\"image\":{\"@id\":\"https:\/\/cafedecolombia.us\/#\/schema\/logo\/image\/\"},\"sameAs\":[\"https:\/\/www.facebook.com\/waybetterwithcoffee\",\"https:\/\/www.instagram.com\/waybetterwithcoffee\"]}]}<\/script>\n<!-- \/ Yoast SEO plugin. -->","yoast_head_json":{"title":"tinto Tienda de caf\u00e9 | Cafe en grano Tostado | F\u00e1brica de caf\u00e9 buenavida","description":"Caf\u00e9 en grano Cali | Caf\u00e9 en grano Tostado","robots":{"index":"index","follow":"follow","max-snippet":"max-snippet:-1","max-image-preview":"max-image-preview:large","max-video-preview":"max-video-preview:-1"},"canonical":"https:\/\/cafedecolombia.us\/tag\/tinto\/","og_locale":"en_US","og_type":"article","og_title":"tinto Tienda de caf\u00e9 | Cafe en grano Tostado | F\u00e1brica de caf\u00e9 buenavida","og_description":"Caf\u00e9 en grano Cali | Caf\u00e9 en grano Tostado","og_url":"https:\/\/cafedecolombia.us\/tag\/tinto\/","og_site_name":"Cafe en grano Tostado | F\u00e1brica de caf\u00e9 buenavida","og_image":[{"width":376,"height":436,"url":"https:\/\/cafedecolombia.us\/wp-content\/uploads\/2024\/03\/Group10-1.png","type":"image\/png"}],"twitter_card":"summary_large_image","schema":{"@context":"https:\/\/schema.org","@graph":[{"@type":"CollectionPage","@id":"https:\/\/cafedecolombia.us\/tag\/tinto\/","url":"https:\/\/cafedecolombia.us\/tag\/tinto\/","name":"tinto Tienda de caf\u00e9 | Cafe en grano Tostado | F\u00e1brica de caf\u00e9 buenavida","isPartOf":{"@id":"https:\/\/cafedecolombia.us\/#website"},"description":"Caf\u00e9 en grano Cali | Caf\u00e9 en grano Tostado","breadcrumb":{"@id":"https:\/\/cafedecolombia.us\/tag\/tinto\/#breadcrumb"},"inLanguage":"en-US"},{"@type":"BreadcrumbList","@id":"https:\/\/cafedecolombia.us\/tag\/tinto\/#breadcrumb","itemListElement":[{"@type":"ListItem","position":1,"name":"Home","item":"https:\/\/cafedecolombia.us\/en\/"},{"@type":"ListItem","position":2,"name":"tinto"}]},{"@type":"WebSite","@id":"https:\/\/cafedecolombia.us\/#website","url":"https:\/\/cafedecolombia.us\/","name":"Cafe en grano Tostado | F\u00e1brica de caf\u00e9 buenavida","description":"Productores y Comercializadores de Caf\u00e9 en grano Cali | Cafe en grano tostado","publisher":{"@id":"https:\/\/cafedecolombia.us\/#organization"},"alternateName":"El taller del Caf\u00e9 | Cafe en grano","potentialAction":[{"@type":"SearchAction","target":{"@type":"EntryPoint","urlTemplate":"https:\/\/cafedecolombia.us\/?s={search_term_string}"},"query-input":{"@type":"PropertyValueSpecification","valueRequired":true,"valueName":"search_term_string"}}],"inLanguage":"en-US"},{"@type":"Organization","@id":"https:\/\/cafedecolombia.us\/#organization","name":"El taller del caf\u00e9 | Cafe en grano","url":"https:\/\/cafedecolombia.us\/","logo":{"@type":"ImageObject","inLanguage":"en-US","@id":"https:\/\/cafedecolombia.us\/#\/schema\/logo\/image\/","url":"https:\/\/cafedecolombia.us\/wp-content\/uploads\/2020\/03\/Frame-420.png","contentUrl":"https:\/\/cafedecolombia.us\/wp-content\/uploads\/2020\/03\/Frame-420.png","width":84,"height":105,"caption":"El taller del caf\u00e9 | Cafe en grano"},"image":{"@id":"https:\/\/cafedecolombia.us\/#\/schema\/logo\/image\/"},"sameAs":["https:\/\/www.facebook.com\/waybetterwithcoffee","https:\/\/www.instagram.com\/waybetterwithcoffee"]}]}},"_links":{"self":[{"href":"https:\/\/cafedecolombia.us\/wp-json\/wp\/v2\/tags\/342","targetHints":{"allow":["GET"]}}],"collection":[{"href":"https:\/\/cafedecolombia.us\/wp-json\/wp\/v2\/tags"}],"about":[{"href":"https:\/\/cafedecolombia.us\/wp-json\/wp\/v2\/taxonomies\/post_tag"}],"wp:post_type":[{"href":"https:\/\/cafedecolombia.us\/wp-json\/wp\/v2\/posts?tags=342"}],"curies":[{"name":"wp","href":"https:\/\/api.w.org\/{rel}","templated":true}]}}